{"id":729,"date":"2019-09-03T21:01:18","date_gmt":"2019-09-03T18:01:18","guid":{"rendered":"http:\/\/www.estetikden.com\/span\/?p=729"},"modified":"2020-01-05T19:11:52","modified_gmt":"2020-01-05T16:11:52","slug":"prp-pour-le-visage","status":"publish","type":"post","link":"https:\/\/www.estetikden.com\/span\/prp-pour-le-visage\/","title":{"rendered":"PRP POUR LE VISAGE"},"content":{"rendered":"<p>C\u2019est une injection qui s\u2019appelle plasma riche en plaquettes. Cette pratique est connue comme l\u2019une des m\u00e9thodes les plus efficaces pour revitaliser naturellement le visage avec traitement cellulaire. C\u2019est un traitement qui a \u00e9t\u00e9 d\u00e9j\u00e0 appliqu\u00e9 sur les divers domaines et n\u2019a aucun risque d\u2019allergie ou d\u2019infections, car cette injection consiste \u00e0 injecter des composants du sang.<!--more--><\/p>\n<p>Le PRP est une solution pour les probl\u00e8mes du couleur, de s\u00e9cheresse et de l\u00e9sions de la peau irrit\u00e9 par le soleil. ,Il est aussi utilis\u00e9 pour am\u00e9liorer la sant\u00e9 et la luminosit\u00e9 de la peau pour des gens de plus de 30 ans. A l\u2019aide du PRP, votre peau devient plus humide, plus ferme, plus lumineuse et claire. Les r\u00e9sultats seront visibles en 1 \u00e0 3 semaines, selon l\u2019\u00e2ge, les habitudes alimentaires et les habitudes de consommation de tabac.<\/p>\n<p>Cette th\u00e9rapie est plus efficace que la th\u00e9rapie conventionnelle pour rajeunir la peau, \u00e9liminer les rides et r\u00e9duire les irr\u00e9gularit\u00e9s des marques d\u2019acn\u00e9. Le PRP peut \u00eatre utilis\u00e9 sur le visage, les mains, les bras, l\u2019int\u00e9rieur des jambes, le cou et le d\u00e9collet\u00e9.<\/p>\n<p>Il peut \u00eatre utilis\u00e9 pour enrichir l\u2019influence les th\u00e9rapies contre la perte de cheveux. Le PRP aide aussi \u00e0 gu\u00e9rir des cicatrices qui sont difficiles \u00e0 cicatriser. De plus, il est appliqu\u00e9 afin d\u2019acc\u00e9l\u00e9rer la structuration de la peau apr\u00e8s la th\u00e9rapie au laser.<\/p>\n","protected":false},"excerpt":{"rendered":"<p>C\u2019est une injection qui s\u2019appelle plasma riche en plaquettes. Cette pratique est connue comme l\u2019une des m\u00e9thodes les plus efficaces pour revitaliser naturellement le visage avec traitement cellulaire. C\u2019est un traitement qui a \u00e9t\u00e9 d\u00e9j\u00e0 appliqu\u00e9 sur les divers domaines et n\u2019a aucun risque d\u2019allergie ou d\u2019infections, car cette injection consiste \u00e0 injecter des composants &hellip;<\/p>\n","protected":false},"author":2,"featured_media":0,"comment_status":"open","ping_status":"open","sticky":false,"template":"","format":"standard","meta":{"_acf_changed":false,"footnotes":""},"categories":[51],"tags":[],"wppr_data":{"cwp_meta_box_check":"No"},"acf":[],"yoast_head":"<!-- This site is optimized with the Yoast SEO plugin v22.2 - https:\/\/yoast.com\/wordpress\/plugins\/seo\/ -->\n<title>PRP POUR LE VISAGE - Estetikden - Health Tourism - Health Tourism -Plastik Surgery<\/title>\n<meta name=\"robots\" content=\"index, follow, max-snippet:-1, max-image-preview:large, max-video-preview:-1\" \/>\n<link rel=\"canonical\" href=\"https:\/\/www.estetikden.com\/span\/prp-pour-le-visage\/\" \/>\n<meta property=\"og:locale\" content=\"tr_TR\" \/>\n<meta property=\"og:type\" content=\"article\" \/>\n<meta property=\"og:title\" content=\"PRP POUR LE VISAGE - Estetikden - Health Tourism - Health Tourism -Plastik Surgery\" \/>\n<meta property=\"og:description\" content=\"C\u2019est une injection qui s\u2019appelle plasma riche en plaquettes. Cette pratique est connue comme l\u2019une des m\u00e9thodes les plus efficaces pour revitaliser naturellement le visage avec traitement cellulaire. C\u2019est un traitement qui a \u00e9t\u00e9 d\u00e9j\u00e0 appliqu\u00e9 sur les divers domaines et n\u2019a aucun risque d\u2019allergie ou d\u2019infections, car cette injection consiste \u00e0 injecter des composants &hellip;\" \/>\n<meta property=\"og:url\" content=\"https:\/\/www.estetikden.com\/span\/prp-pour-le-visage\/\" \/>\n<meta property=\"og:site_name\" content=\"Estetikden - Health Tourism - Health Tourism -Plastik Surgery\" \/>\n<meta property=\"article:publisher\" content=\"https:\/\/www.facebook.com\/estetikdenizi\" \/>\n<meta property=\"article:published_time\" content=\"2019-09-03T18:01:18+00:00\" \/>\n<meta property=\"article:modified_time\" content=\"2020-01-05T16:11:52+00:00\" \/>\n<meta name=\"author\" content=\"Deniz \u00c7izer\" \/>\n<meta name=\"twitter:card\" content=\"summary_large_image\" \/>\n<meta name=\"twitter:label1\" content=\"Yazan:\" \/>\n\t<meta name=\"twitter:data1\" content=\"Deniz \u00c7izer\" \/>\n\t<meta name=\"twitter:label2\" content=\"Tahmini okuma s\u00fcresi\" \/>\n\t<meta name=\"twitter:data2\" content=\"1 dakika\" \/>\n<script type=\"application\/ld+json\" class=\"yoast-schema-graph\">{\"@context\":\"https:\/\/schema.org\",\"@graph\":[{\"@type\":\"WebPage\",\"@id\":\"https:\/\/www.estetikden.com\/span\/prp-pour-le-visage\/\",\"url\":\"https:\/\/www.estetikden.com\/span\/prp-pour-le-visage\/\",\"name\":\"PRP POUR LE VISAGE - Estetikden - Health Tourism - Health Tourism -Plastik Surgery\",\"isPartOf\":{\"@id\":\"https:\/\/www.estetikden.com\/span\/#website\"},\"datePublished\":\"2019-09-03T18:01:18+00:00\",\"dateModified\":\"2020-01-05T16:11:52+00:00\",\"author\":{\"@id\":\"https:\/\/www.estetikden.com\/span\/#\/schema\/person\/e566bfff96624dfa44bb569a8b47f271\"},\"breadcrumb\":{\"@id\":\"https:\/\/www.estetikden.com\/span\/prp-pour-le-visage\/#breadcrumb\"},\"inLanguage\":\"tr\",\"potentialAction\":[{\"@type\":\"ReadAction\",\"target\":[\"https:\/\/www.estetikden.com\/span\/prp-pour-le-visage\/\"]}]},{\"@type\":\"BreadcrumbList\",\"@id\":\"https:\/\/www.estetikden.com\/span\/prp-pour-le-visage\/#breadcrumb\",\"itemListElement\":[{\"@type\":\"ListItem\",\"position\":1,\"name\":\"Ana sayfa\",\"item\":\"https:\/\/www.estetikden.com\/span\/\"},{\"@type\":\"ListItem\",\"position\":2,\"name\":\"PRP POUR LE VISAGE\"}]},{\"@type\":\"WebSite\",\"@id\":\"https:\/\/www.estetikden.com\/span\/#website\",\"url\":\"https:\/\/www.estetikden.com\/span\/\",\"name\":\"Estetikden - Health Tourism - Health Tourism -Plastik Surgery\",\"description\":\"\u201d TO MAKE YOU HEALTHY AND HAPPY \u201d WE ARE ALL OVER THE WORLD.\",\"potentialAction\":[{\"@type\":\"SearchAction\",\"target\":{\"@type\":\"EntryPoint\",\"urlTemplate\":\"https:\/\/www.estetikden.com\/span\/?s={search_term_string}\"},\"query-input\":\"required name=search_term_string\"}],\"inLanguage\":\"tr\"},{\"@type\":\"Person\",\"@id\":\"https:\/\/www.estetikden.com\/span\/#\/schema\/person\/e566bfff96624dfa44bb569a8b47f271\",\"name\":\"Deniz \u00c7izer\",\"image\":{\"@type\":\"ImageObject\",\"inLanguage\":\"tr\",\"@id\":\"https:\/\/www.estetikden.com\/span\/#\/schema\/person\/image\/\",\"url\":\"https:\/\/secure.gravatar.com\/avatar\/3c1d1ff0e0947637161b5b8f4962816e?s=96&d=mm&r=g\",\"contentUrl\":\"https:\/\/secure.gravatar.com\/avatar\/3c1d1ff0e0947637161b5b8f4962816e?s=96&d=mm&r=g\",\"caption\":\"Deniz \u00c7izer\"},\"sameAs\":[\"http:\/\/www.estetikdenizi.com\"]}]}<\/script>\n<!-- \/ Yoast SEO plugin. -->","yoast_head_json":{"title":"PRP POUR LE VISAGE - Estetikden - Health Tourism - Health Tourism -Plastik Surgery","robots":{"index":"index","follow":"follow","max-snippet":"max-snippet:-1","max-image-preview":"max-image-preview:large","max-video-preview":"max-video-preview:-1"},"canonical":"https:\/\/www.estetikden.com\/span\/prp-pour-le-visage\/","og_locale":"tr_TR","og_type":"article","og_title":"PRP POUR LE VISAGE - Estetikden - Health Tourism - Health Tourism -Plastik Surgery","og_description":"C\u2019est une injection qui s\u2019appelle plasma riche en plaquettes. Cette pratique est connue comme l\u2019une des m\u00e9thodes les plus efficaces pour revitaliser naturellement le visage avec traitement cellulaire. C\u2019est un traitement qui a \u00e9t\u00e9 d\u00e9j\u00e0 appliqu\u00e9 sur les divers domaines et n\u2019a aucun risque d\u2019allergie ou d\u2019infections, car cette injection consiste \u00e0 injecter des composants &hellip;","og_url":"https:\/\/www.estetikden.com\/span\/prp-pour-le-visage\/","og_site_name":"Estetikden - Health Tourism - Health Tourism -Plastik Surgery","article_publisher":"https:\/\/www.facebook.com\/estetikdenizi","article_published_time":"2019-09-03T18:01:18+00:00","article_modified_time":"2020-01-05T16:11:52+00:00","author":"Deniz \u00c7izer","twitter_card":"summary_large_image","twitter_misc":{"Yazan:":"Deniz \u00c7izer","Tahmini okuma s\u00fcresi":"1 dakika"},"schema":{"@context":"https:\/\/schema.org","@graph":[{"@type":"WebPage","@id":"https:\/\/www.estetikden.com\/span\/prp-pour-le-visage\/","url":"https:\/\/www.estetikden.com\/span\/prp-pour-le-visage\/","name":"PRP POUR LE VISAGE - Estetikden - Health Tourism - Health Tourism -Plastik Surgery","isPartOf":{"@id":"https:\/\/www.estetikden.com\/span\/#website"},"datePublished":"2019-09-03T18:01:18+00:00","dateModified":"2020-01-05T16:11:52+00:00","author":{"@id":"https:\/\/www.estetikden.com\/span\/#\/schema\/person\/e566bfff96624dfa44bb569a8b47f271"},"breadcrumb":{"@id":"https:\/\/www.estetikden.com\/span\/prp-pour-le-visage\/#breadcrumb"},"inLanguage":"tr","potentialAction":[{"@type":"ReadAction","target":["https:\/\/www.estetikden.com\/span\/prp-pour-le-visage\/"]}]},{"@type":"BreadcrumbList","@id":"https:\/\/www.estetikden.com\/span\/prp-pour-le-visage\/#breadcrumb","itemListElement":[{"@type":"ListItem","position":1,"name":"Ana sayfa","item":"https:\/\/www.estetikden.com\/span\/"},{"@type":"ListItem","position":2,"name":"PRP POUR LE VISAGE"}]},{"@type":"WebSite","@id":"https:\/\/www.estetikden.com\/span\/#website","url":"https:\/\/www.estetikden.com\/span\/","name":"Estetikden - Health Tourism - Health Tourism -Plastik Surgery","description":"\u201d TO MAKE YOU HEALTHY AND HAPPY \u201d WE ARE ALL OVER THE WORLD.","potentialAction":[{"@type":"SearchAction","target":{"@type":"EntryPoint","urlTemplate":"https:\/\/www.estetikden.com\/span\/?s={search_term_string}"},"query-input":"required name=search_term_string"}],"inLanguage":"tr"},{"@type":"Person","@id":"https:\/\/www.estetikden.com\/span\/#\/schema\/person\/e566bfff96624dfa44bb569a8b47f271","name":"Deniz \u00c7izer","image":{"@type":"ImageObject","inLanguage":"tr","@id":"https:\/\/www.estetikden.com\/span\/#\/schema\/person\/image\/","url":"https:\/\/secure.gravatar.com\/avatar\/3c1d1ff0e0947637161b5b8f4962816e?s=96&d=mm&r=g","contentUrl":"https:\/\/secure.gravatar.com\/avatar\/3c1d1ff0e0947637161b5b8f4962816e?s=96&d=mm&r=g","caption":"Deniz \u00c7izer"},"sameAs":["http:\/\/www.estetikdenizi.com"]}]}},"_links":{"self":[{"href":"https:\/\/www.estetikden.com\/span\/wp-json\/wp\/v2\/posts\/729"}],"collection":[{"href":"https:\/\/www.estetikden.com\/span\/wp-json\/wp\/v2\/posts"}],"about":[{"href":"https:\/\/www.estetikden.com\/span\/wp-json\/wp\/v2\/types\/post"}],"author":[{"embeddable":true,"href":"https:\/\/www.estetikden.com\/span\/wp-json\/wp\/v2\/users\/2"}],"replies":[{"embeddable":true,"href":"https:\/\/www.estetikden.com\/span\/wp-json\/wp\/v2\/comments?post=729"}],"version-history":[{"count":5,"href":"https:\/\/www.estetikden.com\/span\/wp-json\/wp\/v2\/posts\/729\/revisions"}],"predecessor-version":[{"id":827,"href":"https:\/\/www.estetikden.com\/span\/wp-json\/wp\/v2\/posts\/729\/revisions\/827"}],"wp:attachment":[{"href":"https:\/\/www.estetikden.com\/span\/wp-json\/wp\/v2\/media?parent=729"}],"wp:term":[{"taxonomy":"category","embeddable":true,"href":"https:\/\/www.estetikden.com\/span\/wp-json\/wp\/v2\/categories?post=729"},{"taxonomy":"post_tag","embeddable":true,"href":"https:\/\/www.estetikden.com\/span\/wp-json\/wp\/v2\/tags?post=729"}],"curies":[{"name":"wp","href":"https:\/\/api.w.org\/{rel}","templated":true}]}}